{"id":5952,"date":"2023-02-14T22:02:23","date_gmt":"2023-02-14T22:02:23","guid":{"rendered":"https:\/\/ete.pt\/logistics-operation-for-volkswagen-vehicles-at-the-port-of-leixoes\/"},"modified":"2023-02-14T22:02:23","modified_gmt":"2023-02-14T22:02:23","slug":"logistics-operation-for-volkswagen-vehicles-at-the-port-of-leixoes","status":"publish","type":"post","link":"https:\/\/ete.pt\/en\/logistics-operation-for-volkswagen-vehicles-at-the-port-of-leixoes\/","title":{"rendered":"Logistics operation for Volkswagen vehicles at the port of Leix\u00f5es"},"content":{"rendered":"<h4 class=\"p2\"><strong>The General Cargo and Bulk Terminal of Leix\u00f5es (TCGL), operated under concession by Grupo ETE, led a major vehicle loading operation on January 21 and 22, involving the shipment of 2,400 Volkswagen vehicles, produced at AutoEuropa, bound for the Port of Emden, in Germany.<br \/>\nAt the same time, TCGL also carried out the unloading of 353 vehicles from various VW Group brands, which arrived on the same vessel and were destined for Portugal and national distribution.<\/strong><\/h4>\n<p>In an integrated logistics operation involving TCGL and Navex\u2014both companies of Grupo ETE\u2014the vehicles were initially stored at Logistics Platform I of the Port of Leix\u00f5es, having arrived mostly by rail. They were then transported and loaded at Dock 1 North of the Port of Leix\u00f5es onto the vessel PATARA, which was managed by Navex, also part of Grupo ETE.<br \/>\nNuno Lopes, Operations Director of TCGL, emphasized that \u201coperations like this one showcase Grupo ETE\u2019s efficiency and flexibility in delivering customized and integrated solutions that meet high performance standards, such as those of the Volkswagen Group.\u201d He also noted that \u201cthe operation was successfully completed within the planned timeframe.\u201d <\/p>\n<p><iframe loading=\"lazy\" title=\"GRUPO ETE - TCGL REALIZA OPERA\u00c7\u00c3O LOG\u00cdSTICA DE  2753 VIATURAS DA VOLKSWAGEN NO PORTO DE LEIX\u00d5ES\" width=\"1080\" height=\"608\" src=\"https:\/\/www.youtube.com\/embed\/cIpnPpXzIFc?feature=oembed\" frameborder=\"0\" allow=\"accelerometer; autoplay; clipboard-write; encrypted-media; gyroscope; picture-in-picture; web-share\" referrerpolicy=\"strict-origin-when-cross-origin\" allowfullscreen><\/iframe><\/p>\n<p>&nbsp;<\/p>\n<p><strong><a href=\"https:\/\/ete.pt\/wp-content\/uploads\/2024\/06\/TCGL-REALIZA-OPERACAO-LOGISTICA-DE-2753-VIATURAS-DA-VOLKSWAGEN-NO-PORTO-DE-LEIXOES_FEV23.pdf\" target=\"_blank\" rel=\"noopener\">Download here<\/a><\/strong><\/p>\n","protected":false},"excerpt":{"rendered":"<p>The General Cargo and Bulk Terminal of Leix\u00f5es (TCGL), operated under concession by Grupo ETE, led a major vehicle loading operation on January 21 and 22, involving the shipment of&#8230;<\/p>\n","protected":false},"author":9,"featured_media":5160,"comment_status":"closed","ping_status":"open","sticky":false,"template":"","format":"standard","meta":{"inline_featured_image":false,"footnotes":""},"categories":[1],"tags":[],"class_list":{"0":"post-5952","1":"post","2":"type-post","3":"status-publish","4":"format-standard","5":"has-post-thumbnail","7":"category-sem-categoria"},"_links":{"self":[{"href":"https:\/\/ete.pt\/en\/wp-json\/wp\/v2\/posts\/5952","targetHints":{"allow":["GET"]}}],"collection":[{"href":"https:\/\/ete.pt\/en\/wp-json\/wp\/v2\/posts"}],"about":[{"href":"https:\/\/ete.pt\/en\/wp-json\/wp\/v2\/types\/post"}],"author":[{"embeddable":true,"href":"https:\/\/ete.pt\/en\/wp-json\/wp\/v2\/users\/9"}],"replies":[{"embeddable":true,"href":"https:\/\/ete.pt\/en\/wp-json\/wp\/v2\/comments?post=5952"}],"version-history":[{"count":0,"href":"https:\/\/ete.pt\/en\/wp-json\/wp\/v2\/posts\/5952\/revisions"}],"wp:featuredmedia":[{"embeddable":true,"href":"https:\/\/ete.pt\/en\/wp-json\/wp\/v2\/media\/5160"}],"wp:attachment":[{"href":"https:\/\/ete.pt\/en\/wp-json\/wp\/v2\/media?parent=5952"}],"wp:term":[{"taxonomy":"category","embeddable":true,"href":"https:\/\/ete.pt\/en\/wp-json\/wp\/v2\/categories?post=5952"},{"taxonomy":"post_tag","embeddable":true,"href":"https:\/\/ete.pt\/en\/wp-json\/wp\/v2\/tags?post=5952"}],"curies":[{"name":"wp","href":"https:\/\/api.w.org\/{rel}","templated":true}]}}